{"id":63884,"date":"2021-09-13T14:04:43","date_gmt":"2021-09-13T14:04:43","guid":{"rendered":"https:\/\/actec-ong.org\/seisme-en-haiti-le-pere-percy-entre-la-nuit-a-la-belle-etoile-et-le-jour-dans-les-decombres"},"modified":"2021-09-14T07:43:57","modified_gmt":"2021-09-14T07:43:57","slug":"terremoto-en-haiti-el-padre-percy-entre-la-noche-bajo-las-estrellas-y-el-dia-entre-los-escombros","status":"publish","type":"post","link":"http:\/\/actec-ong.org\/es\/terremoto-en-haiti-el-padre-percy-entre-la-noche-bajo-las-estrellas-y-el-dia-entre-los-escombros\/","title":{"rendered":"Terremoto en Hait\u00ed &#8211; El padre Percy, entre la noche bajo las estrellas y el d\u00eda entre los escombros"},"content":{"rendered":"<div class=\"wpb-content-wrapper\"><p>[vc_row type=&#8221;vc_default&#8221;][vc_column offset=&#8221;vc_col-lg-offset-1 vc_col-lg-10 vc_col-md-offset-1 vc_col-md-10&#8243;]<div id=\"ultimate-heading-971269f3260007e5f\" class=\"uvc-heading ult-adjust-bottom-margin ultimate-heading-971269f3260007e5f uvc-8797 \" data-hspacer=\"no_spacer\"  data-halign=\"left\" style=\"text-align:left\"><div class=\"uvc-heading-spacer no_spacer\" style=\"top\"><\/div><div class=\"uvc-main-heading ult-responsive\"  data-ultimate-target='.uvc-heading.ultimate-heading-971269f3260007e5f h2'  data-responsive-json-new='{\"font-size\":\"desktop:26px;\",\"line-height\":\"desktop:36px;\"}' ><h2 style=\"font-family:&#039;Roboto&#039;;font-weight:normal;font-style:normal;\">Terremoto en Hait\u00ed<\/h2><\/div><div class=\"uvc-sub-heading ult-responsive\"  data-ultimate-target='.uvc-heading.ultimate-heading-971269f3260007e5f .uvc-sub-heading '  data-responsive-json-new='{\"font-size\":\"desktop:16px;mobile_landscape:22px;\",\"line-height\":\"desktop:26px;mobile_landscape:32px;\"}'  style=\"font-family:&#039;Roboto&#039;;font-weight:normal;font-style:normal;color:#b33723;margin-bottom:60px;\">El padre Percy, entre la noche bajo las estrellas y el d\u00eda entre los escombros<\/div><\/div>[vc_column_text css=&#8221;.vc_custom_1631605130415{padding-bottom: 25px !important;}&#8221; el_class=&#8221;news-excerpt&#8221;]Han pasado cuatro semanas desde el terremoto que sacudi\u00f3 y despu\u00e9s paraliz\u00f3 el sur del pa\u00eds. La fecha del 14 de agosto de 2021 se suma a las de anteriores cat\u00e1strofes naturales que han asolado Hait\u00ed. De una magnitud a\u00fan mayor que el terremoto de 2010, que dej\u00f3 una impresi\u00f3n tan duradera, <strong>este nuevo se\u00edsmo se cobr\u00f3 m\u00e1s de 2.207 vidas y afect\u00f3 al menos a 600.000 personas. <\/strong>[\/vc_column_text][\/vc_column][\/vc_row][vc_row type=&#8221;vc_default&#8221; css=&#8221;.vc_custom_1612953637153{padding-bottom: 50px !important;}&#8221;][vc_column offset=&#8221;vc_col-lg-offset-1 vc_col-lg-10 vc_col-md-offset-1 vc_col-md-10&#8243;][vc_column_text]En medio de los escombros, <strong>el padre Percy trabaja cada d\u00eda para ayudar a la comunidad rural de Dory<\/strong>, situada a 30 km de Les Cayes. Herido en el terremoto, tuvo que ir a la capital, Puerto Pr\u00edncipe, para recibir el tratamiento necesario. No hay tiempo de convalecencia para este sacerdote cuyo valor es inspirador.[\/vc_column_text][vc_column_text css=&#8221;.vc_custom_1631605213171{padding-top: 15px !important;padding-bottom: 15px !important;}&#8221;]\u00abLa gente llama a mi puerta todos los d\u00edas en busca de comida, ropa, refugio&#8230; Como l\u00edder religioso, hago todo lo que puedo, pero desgraciadamente recibimos poca ayuda porque estamos en una zona rural, lejos de la ciudad de Les Cayes\u00bb.[\/vc_column_text][vc_column_text css=&#8221;.vc_custom_1631605229064{padding-bottom: 15px !important;}&#8221;]La iglesia de la que se encarga el padre Percy se ha derrumbado, mientras que del presbiterio donde viv\u00eda s\u00f3lo quedan algunas paredes. Las aulas de la escuela b\u00e1sica Mains Ouvertes que dirige muestran grandes grietas en las paredes, en aquellas que todav\u00eda est\u00e1n en pie.[\/vc_column_text]<style type=\"text\/css\" data-type=\"the7_shortcodes-inline-css\">.gallery-shortcode.gallery-masonry-shortcode-id-560d3a7d2cdc0b638795bad717861b7c figure,\n.gallery-shortcode.gallery-masonry-shortcode-id-560d3a7d2cdc0b638795bad717861b7c .rollover,\n.gallery-shortcode.gallery-masonry-shortcode-id-560d3a7d2cdc0b638795bad717861b7c img,\n.gallery-shortcode.gallery-masonry-shortcode-id-560d3a7d2cdc0b638795bad717861b7c .gallery-rollover {\n  border-radius: 0px;\n}\n.gallery-shortcode.gallery-masonry-shortcode-id-560d3a7d2cdc0b638795bad717861b7c.enable-bg-rollover .gallery-rollover {\n  background: -webkit-linear-gradient();\n  background: linear-gradient();\n}\n.gallery-shortcode.gallery-masonry-shortcode-id-560d3a7d2cdc0b638795bad717861b7c.enable-bg-rollover.hover-scale figure .rollover:after {\n  background: -webkit-linear-gradient();\n  background: linear-gradient();\n}\n.gallery-shortcode.gallery-masonry-shortcode-id-560d3a7d2cdc0b638795bad717861b7c .gallery-zoom-ico {\n  width: 44px;\n  height: 44px;\n  line-height: 44px;\n  border-radius: 100px;\n  margin: -22px 0 0 -22px;\n  border-width: 0px;\n  color: #ffffff;\n}\n.dt-icon-bg-on.gallery-shortcode.gallery-masonry-shortcode-id-560d3a7d2cdc0b638795bad717861b7c .gallery-zoom-ico {\n  background: rgba(255,255,255,0.3);\n  box-shadow: none;\n}\n.gallery-shortcode.gallery-masonry-shortcode-id-560d3a7d2cdc0b638795bad717861b7c .gallery-zoom-ico:before,\n.gallery-shortcode.gallery-masonry-shortcode-id-560d3a7d2cdc0b638795bad717861b7c .gallery-zoom-ico span {\n  font-size: 32px;\n  line-height: 44px;\n  color: #ffffff;\n}\n.gallery-shortcode.gallery-masonry-shortcode-id-560d3a7d2cdc0b638795bad717861b7c:not(.resize-by-browser-width) .dt-css-grid {\n  grid-row-gap: 10px;\n  grid-column-gap: 10px;\n  grid-template-columns: repeat(auto-fill,minmax(,1fr));\n}\n.gallery-shortcode.gallery-masonry-shortcode-id-560d3a7d2cdc0b638795bad717861b7c:not(.resize-by-browser-width) .dt-css-grid .double-width {\n  grid-column: span 2;\n}\n.cssgridlegacy.no-cssgrid .gallery-shortcode.gallery-masonry-shortcode-id-560d3a7d2cdc0b638795bad717861b7c:not(.resize-by-browser-width) .dt-css-grid,\n.no-cssgridlegacy.no-cssgrid .gallery-shortcode.gallery-masonry-shortcode-id-560d3a7d2cdc0b638795bad717861b7c:not(.resize-by-browser-width) .dt-css-grid {\n  display: flex;\n  flex-flow: row wrap;\n  margin: -5px;\n}\n.cssgridlegacy.no-cssgrid .gallery-shortcode.gallery-masonry-shortcode-id-560d3a7d2cdc0b638795bad717861b7c:not(.resize-by-browser-width) .dt-css-grid .wf-cell,\n.no-cssgridlegacy.no-cssgrid .gallery-shortcode.gallery-masonry-shortcode-id-560d3a7d2cdc0b638795bad717861b7c:not(.resize-by-browser-width) .dt-css-grid .wf-cell {\n  flex: 1 0 ;\n  max-width: 100%;\n  padding: 5px;\n  box-sizing: border-box;\n}\n.gallery-shortcode.gallery-masonry-shortcode-id-560d3a7d2cdc0b638795bad717861b7c.resize-by-browser-width .dt-css-grid {\n  grid-template-columns: repeat(2,1fr);\n  grid-template-rows: auto;\n  grid-column-gap: 10px;\n  grid-row-gap: 10px;\n}\n.gallery-shortcode.gallery-masonry-shortcode-id-560d3a7d2cdc0b638795bad717861b7c.resize-by-browser-width .dt-css-grid .double-width {\n  grid-column: span 2;\n}\n.cssgridlegacy.no-cssgrid .gallery-shortcode.gallery-masonry-shortcode-id-560d3a7d2cdc0b638795bad717861b7c.resize-by-browser-width .dt-css-grid {\n  margin: -5px;\n}\n.cssgridlegacy.no-cssgrid .gallery-shortcode.gallery-masonry-shortcode-id-560d3a7d2cdc0b638795bad717861b7c.resize-by-browser-width .dt-css-grid .wf-cell {\n  width: 50%;\n  padding: 5px;\n}\n.cssgridlegacy.no-cssgrid .gallery-shortcode.gallery-masonry-shortcode-id-560d3a7d2cdc0b638795bad717861b7c.resize-by-browser-width .dt-css-grid .wf-cell.double-width {\n  width: calc(50%) * 2;\n}\n.gallery-shortcode.gallery-masonry-shortcode-id-560d3a7d2cdc0b638795bad717861b7c.resize-by-browser-width:not(.centered-layout-list):not(.content-bg-on) .dt-css-grid {\n  grid-row-gap: 10px - ;\n}\n@media screen and (max-width: 1199px) {\n  .gallery-shortcode.gallery-masonry-shortcode-id-560d3a7d2cdc0b638795bad717861b7c.resize-by-browser-width .dt-css-grid {\n    grid-template-columns: repeat(2,1fr);\n  }\n  .cssgridlegacy.no-cssgrid .gallery-shortcode.gallery-masonry-shortcode-id-560d3a7d2cdc0b638795bad717861b7c.resize-by-browser-width .dt-css-grid .wf-cell,\n  .no-cssgridlegacy.no-cssgrid .gallery-shortcode.gallery-masonry-shortcode-id-560d3a7d2cdc0b638795bad717861b7c.resize-by-browser-width .dt-css-grid .wf-cell {\n    width: 50%;\n  }\n  .cssgridlegacy.no-cssgrid .gallery-shortcode.gallery-masonry-shortcode-id-560d3a7d2cdc0b638795bad717861b7c.resize-by-browser-width .dt-css-grid .wf-cell.double-width,\n  .no-cssgridlegacy.no-cssgrid .gallery-shortcode.gallery-masonry-shortcode-id-560d3a7d2cdc0b638795bad717861b7c.resize-by-browser-width .dt-css-grid .wf-cell.double-width {\n    width: calc(50%)*2;\n  }\n}\n@media screen and (max-width: 991px) {\n  .gallery-shortcode.gallery-masonry-shortcode-id-560d3a7d2cdc0b638795bad717861b7c.resize-by-browser-width .dt-css-grid {\n    grid-template-columns: repeat(2,1fr);\n  }\n  .cssgridlegacy.no-cssgrid .gallery-shortcode.gallery-masonry-shortcode-id-560d3a7d2cdc0b638795bad717861b7c.resize-by-browser-width .dt-css-grid .wf-cell,\n  .no-cssgridlegacy.no-cssgrid .gallery-shortcode.gallery-masonry-shortcode-id-560d3a7d2cdc0b638795bad717861b7c.resize-by-browser-width .dt-css-grid .wf-cell {\n    width: 50%;\n  }\n  .cssgridlegacy.no-cssgrid .gallery-shortcode.gallery-masonry-shortcode-id-560d3a7d2cdc0b638795bad717861b7c.resize-by-browser-width .dt-css-grid .wf-cell.double-width,\n  .no-cssgridlegacy.no-cssgrid .gallery-shortcode.gallery-masonry-shortcode-id-560d3a7d2cdc0b638795bad717861b7c.resize-by-browser-width .dt-css-grid .wf-cell.double-width {\n    width: calc(50%)*2;\n  }\n}\n@media screen and (max-width: 767px) {\n  .gallery-shortcode.gallery-masonry-shortcode-id-560d3a7d2cdc0b638795bad717861b7c.resize-by-browser-width .dt-css-grid {\n    grid-template-columns: repeat(2,1fr);\n  }\n  .cssgridlegacy.no-cssgrid .gallery-shortcode.gallery-masonry-shortcode-id-560d3a7d2cdc0b638795bad717861b7c.resize-by-browser-width .dt-css-grid .wf-cell,\n  .no-cssgridlegacy.no-cssgrid .gallery-shortcode.gallery-masonry-shortcode-id-560d3a7d2cdc0b638795bad717861b7c.resize-by-browser-width .dt-css-grid .wf-cell {\n    width: 50%;\n  }\n  .cssgridlegacy.no-cssgrid .gallery-shortcode.gallery-masonry-shortcode-id-560d3a7d2cdc0b638795bad717861b7c.resize-by-browser-width .dt-css-grid .wf-cell.double-width,\n  .no-cssgridlegacy.no-cssgrid .gallery-shortcode.gallery-masonry-shortcode-id-560d3a7d2cdc0b638795bad717861b7c.resize-by-browser-width .dt-css-grid .wf-cell.double-width {\n    width: calc(50%)*2;\n  }\n}<\/style><div class=\"gallery-shortcode dt-gallery-container gallery-masonry-shortcode-id-560d3a7d2cdc0b638795bad717861b7c mode-grid jquery-filter dt-icon-bg-off dt-css-grid-wrap enable-bg-rollover resize-by-browser-width  hover-fade loading-effect-none description-on-hover\" data-padding=\"5px\" data-cur-page=\"1\" data-post-limit=\"-1\" data-pagination-mode=\"none\" data-desktop-columns-num=\"2\" data-v-tablet-columns-num=\"2\" data-h-tablet-columns-num=\"2\" data-phone-columns-num=\"2\" data-width=\"0px\" data-columns=\"0\"><div class=\"dt-css-grid\" ><div class=\"wf-cell\" data-post-id=\"63858\" data-date=\"2021-09-13T13:57:45+00:00\" data-name=\"actec-news-seisme-haiti-pere-percy-1\"><figure class=\"post visible\"><a href=\"http:\/\/actec-ong.org\/wp-content\/uploads\/2021\/09\/actec-news-seisme-haiti-pere-percy-1.jpg\" class=\"rollover dt-pswp-item layzr-bg\" data-large_image_width=\"1440\" data-large_image_height=\"663\" data-dt-img-description=\"\" title=\"actec-news-seisme-haiti-pere-percy-1\"><img fetchpriority=\"high\" decoding=\"async\" class=\"preload-me iso-lazy-load aspect\" src=\"data:image\/svg+xml,%3Csvg%20xmlns%3D&#39;http%3A%2F%2Fwww.w3.org%2F2000%2Fsvg&#39;%20viewBox%3D&#39;0%200%20490%20226&#39;%2F%3E\" data-src=\"http:\/\/actec-ong.org\/wp-content\/uploads\/2021\/09\/actec-news-seisme-haiti-pere-percy-1-490x226.jpg\" data-srcset=\"http:\/\/actec-ong.org\/wp-content\/uploads\/2021\/09\/actec-news-seisme-haiti-pere-percy-1-490x226.jpg 490w, http:\/\/actec-ong.org\/wp-content\/uploads\/2021\/09\/actec-news-seisme-haiti-pere-percy-1-735x339.jpg 735w\" loading=\"eager\" style=\"--ratio: 490 \/ 226\" sizes=\"(max-width: 490px) 100vw, 490px\" alt=\"S\u00e9isme en Ha\u00efti\" width=\"490\" height=\"226\"  \/><span class=\"gallery-rollover\"><span class=\"gallery-zoom-ico icomoon-the7-font-the7-expand-02\"><span><\/span><\/span><\/span><\/a><\/figure><\/div><div class=\"wf-cell\" data-post-id=\"63862\" data-date=\"2021-09-13T13:57:48+00:00\" data-name=\"actec-news-seisme-haiti-pere-percy-2\"><figure class=\"post visible\"><a href=\"http:\/\/actec-ong.org\/wp-content\/uploads\/2021\/09\/actec-news-seisme-haiti-pere-percy-2.jpg\" class=\"rollover dt-pswp-item layzr-bg\" data-large_image_width=\"1440\" data-large_image_height=\"663\" data-dt-img-description=\"\" title=\"actec-news-seisme-haiti-pere-percy-2\"><img decoding=\"async\" class=\"preload-me iso-lazy-load aspect\" src=\"data:image\/svg+xml,%3Csvg%20xmlns%3D&#39;http%3A%2F%2Fwww.w3.org%2F2000%2Fsvg&#39;%20viewBox%3D&#39;0%200%20490%20226&#39;%2F%3E\" data-src=\"http:\/\/actec-ong.org\/wp-content\/uploads\/2021\/09\/actec-news-seisme-haiti-pere-percy-2-490x226.jpg\" data-srcset=\"http:\/\/actec-ong.org\/wp-content\/uploads\/2021\/09\/actec-news-seisme-haiti-pere-percy-2-490x226.jpg 490w, http:\/\/actec-ong.org\/wp-content\/uploads\/2021\/09\/actec-news-seisme-haiti-pere-percy-2-735x339.jpg 735w\" loading=\"eager\" style=\"--ratio: 490 \/ 226\" sizes=\"(max-width: 490px) 100vw, 490px\" alt=\"S\u00e9isme en Ha\u00efti\" width=\"490\" height=\"226\"  \/><span class=\"gallery-rollover\"><span class=\"gallery-zoom-ico icomoon-the7-font-the7-expand-02\"><span><\/span><\/span><\/span><\/a><\/figure><\/div><div class=\"wf-cell\" data-post-id=\"63866\" data-date=\"2021-09-13T13:57:49+00:00\" data-name=\"actec-news-seisme-haiti-pere-percy-3\"><figure class=\"post visible\"><a href=\"http:\/\/actec-ong.org\/wp-content\/uploads\/2021\/09\/actec-news-seisme-haiti-pere-percy-3.jpg\" class=\"rollover dt-pswp-item layzr-bg\" data-large_image_width=\"1440\" data-large_image_height=\"663\" data-dt-img-description=\"\" title=\"actec-news-seisme-haiti-pere-percy-3\"><img decoding=\"async\" class=\"preload-me iso-lazy-load aspect\" src=\"data:image\/svg+xml,%3Csvg%20xmlns%3D&#39;http%3A%2F%2Fwww.w3.org%2F2000%2Fsvg&#39;%20viewBox%3D&#39;0%200%20490%20226&#39;%2F%3E\" data-src=\"http:\/\/actec-ong.org\/wp-content\/uploads\/2021\/09\/actec-news-seisme-haiti-pere-percy-3-490x226.jpg\" data-srcset=\"http:\/\/actec-ong.org\/wp-content\/uploads\/2021\/09\/actec-news-seisme-haiti-pere-percy-3-490x226.jpg 490w, http:\/\/actec-ong.org\/wp-content\/uploads\/2021\/09\/actec-news-seisme-haiti-pere-percy-3-735x339.jpg 735w\" loading=\"eager\" style=\"--ratio: 490 \/ 226\" sizes=\"(max-width: 490px) 100vw, 490px\" alt=\"S\u00e9isme en Ha\u00efti\" width=\"490\" height=\"226\"  \/><span class=\"gallery-rollover\"><span class=\"gallery-zoom-ico icomoon-the7-font-the7-expand-02\"><span><\/span><\/span><\/span><\/a><\/figure><\/div><div class=\"wf-cell\" data-post-id=\"63870\" data-date=\"2021-09-13T13:57:51+00:00\" data-name=\"actec-news-seisme-haiti-pere-percy-4\"><figure class=\"post visible\"><a href=\"http:\/\/actec-ong.org\/wp-content\/uploads\/2021\/09\/actec-news-seisme-haiti-pere-percy-4.jpg\" class=\"rollover dt-pswp-item layzr-bg\" data-large_image_width=\"1440\" data-large_image_height=\"663\" data-dt-img-description=\"\" title=\"actec-news-seisme-haiti-pere-percy-4\"><img decoding=\"async\" class=\"preload-me iso-lazy-load aspect\" src=\"data:image\/svg+xml,%3Csvg%20xmlns%3D&#39;http%3A%2F%2Fwww.w3.org%2F2000%2Fsvg&#39;%20viewBox%3D&#39;0%200%20490%20226&#39;%2F%3E\" data-src=\"http:\/\/actec-ong.org\/wp-content\/uploads\/2021\/09\/actec-news-seisme-haiti-pere-percy-4-490x226.jpg\" data-srcset=\"http:\/\/actec-ong.org\/wp-content\/uploads\/2021\/09\/actec-news-seisme-haiti-pere-percy-4-490x226.jpg 490w, http:\/\/actec-ong.org\/wp-content\/uploads\/2021\/09\/actec-news-seisme-haiti-pere-percy-4-735x339.jpg 735w\" loading=\"eager\" style=\"--ratio: 490 \/ 226\" sizes=\"(max-width: 490px) 100vw, 490px\" alt=\"S\u00e9isme en Ha\u00efti\" width=\"490\" height=\"226\"  \/><span class=\"gallery-rollover\"><span class=\"gallery-zoom-ico icomoon-the7-font-the7-expand-02\"><span><\/span><\/span><\/span><\/a><\/figure><\/div><\/div><!-- iso-container|iso-grid --><\/div>[vc_column_text css=&#8221;.vc_custom_1631605249557{padding-top: 35px !important;padding-bottom: 15px !important;}&#8221;]ACTEC est\u00e1 en contacto permanente con el padre Percy para darle apoyo moral y ayudarle a evaluar las necesidades y los da\u00f1os. El padre Percy, como la mayor\u00eda de los habitantes de Dory, ha estado durmiendo bajo las estrellas desde este terrible suceso. <strong>ACTEC apela a su generosidad para adquirir tiendas de campa\u00f1a y materiales para construir refugios temporales. <\/strong>[\/vc_column_text][vc_column_text css=&#8221;.vc_custom_1631605371439{padding-bottom: 25px !important;}&#8221;]Estamos planificando la <strong>reconstrucci\u00f3n completa de la escuela de Dory<\/strong>, tras una evaluaci\u00f3n exhaustiva de los da\u00f1os, y la contrataci\u00f3n de una empresa que cumpla con las normas antis\u00edsmicas. La seguridad de los alumnos y del personal del centro es nuestra prioridad, y debemos actuar con rapidez para que todos vuelvan a la escuela. <strong>La educaci\u00f3n de calidad es una fuente de esperanza<\/strong>, sobre todo en Hait\u00ed, un pa\u00eds sumido en el caos total desde hace dos a\u00f1os.[\/vc_column_text][vc_column_text css=&#8221;.vc_custom_1631605358746{padding-bottom: 40px !important;}&#8221;]<span style=\"color: #b33723;\"><strong>Para apoyar nuestra acci\u00f3n de emergencia en Dory puede realizar su aportaci\u00f3n en el siguiente n\u00famero de cuenta:<\/strong><\/span><br \/>\n<span style=\"color: #b33723;\">ES03 2100 1696 2902 0014 6746<\/span><br \/>\n<span style=\"color: #b33723;\">C\u00f3digo Swift: CAIXESBBXXX<\/span><br \/>\n<span style=\"color: #b33723;\">Fundaci\u00f3n del Valle<\/span><br \/>\n<span style=\"color: #b33723;\">Concepto: Solidaridad con Hait\u00ed.<\/span>[\/vc_column_text][\/vc_column][\/vc_row][vc_row][vc_column][\/vc_column][\/vc_row]<\/p>\n<\/div>","protected":false},"excerpt":{"rendered":"<p>[vc_row type=&#8221;vc_default&#8221;][vc_column offset=&#8221;vc_col-lg-offset-1 vc_col-lg-10 vc_col-md-offset-1 vc_col-md-10&#8243;][vc_column_text css=&#8221;.vc_custom_1631605130415{padding-bottom: 25px !important;}&#8221; el_class=&#8221;news-excerpt&#8221;]Han pasado cuatro semanas desde el terremoto que sacudi\u00f3 y despu\u00e9s paraliz\u00f3 el sur del pa\u00eds. La fecha del 14 de agosto de 2021 se suma a las de anteriores cat\u00e1strofes naturales que han asolado Hait\u00ed. De una magnitud a\u00fan mayor que el terremoto de 2010,&hellip;<\/p>\n","protected":false},"author":7,"featured_media":63874,"comment_status":"closed","ping_status":"open","sticky":false,"template":"","format":"standard","meta":{"inline_featured_image":false,"footnotes":""},"categories":[344],"tags":[],"class_list":["post-63884","post","type-post","status-publish","format-standard","has-post-thumbnail","hentry","category-actec-es","category-344","description-off"],"yoast_head":"<!-- This site is optimized with the Yoast SEO plugin v27.5 - https:\/\/yoast.com\/product\/yoast-seo-wordpress\/ -->\n<title>Terremoto en Hait\u00ed - El padre Percy, entre la noche bajo las estrellas y el d\u00eda entre los escombros - ACTEC<\/title>\n<meta name=\"robots\" content=\"index, follow, max-snippet:-1, max-image-preview:large, max-video-preview:-1\" \/>\n<link rel=\"canonical\" href=\"http:\/\/actec-ong.org\/es\/terremoto-en-haiti-el-padre-percy-entre-la-noche-bajo-las-estrellas-y-el-dia-entre-los-escombros\/\" \/>\n<meta property=\"og:locale\" content=\"es_ES\" \/>\n<meta property=\"og:type\" content=\"article\" \/>\n<meta property=\"og:title\" content=\"Terremoto en Hait\u00ed - El padre Percy, entre la noche bajo las estrellas y el d\u00eda entre los escombros - ACTEC\" \/>\n<meta property=\"og:description\" content=\"[vc_row type=&#8221;vc_default&#8221;][vc_column offset=&#8221;vc_col-lg-offset-1 vc_col-lg-10 vc_col-md-offset-1 vc_col-md-10&#8243;][vc_column_text css=&#8221;.vc_custom_1631605130415{padding-bottom: 25px !important;}&#8221; el_class=&#8221;news-excerpt&#8221;]Han pasado cuatro semanas desde el terremoto que sacudi\u00f3 y despu\u00e9s paraliz\u00f3 el sur del pa\u00eds. La fecha del 14 de agosto de 2021 se suma a las de anteriores cat\u00e1strofes naturales que han asolado Hait\u00ed. De una magnitud a\u00fan mayor que el terremoto de 2010,&hellip;\" \/>\n<meta property=\"og:url\" content=\"http:\/\/actec-ong.org\/es\/terremoto-en-haiti-el-padre-percy-entre-la-noche-bajo-las-estrellas-y-el-dia-entre-los-escombros\/\" \/>\n<meta property=\"og:site_name\" content=\"ACTEC\" \/>\n<meta property=\"article:published_time\" content=\"2021-09-13T14:04:43+00:00\" \/>\n<meta property=\"article:modified_time\" content=\"2021-09-14T07:43:57+00:00\" \/>\n<meta property=\"og:image\" content=\"http:\/\/actec-ong.org\/wp-content\/uploads\/2021\/09\/actec-news-seisme-haiti-pere-percy.jpg\" \/>\n\t<meta property=\"og:image:width\" content=\"1440\" \/>\n\t<meta property=\"og:image:height\" content=\"886\" \/>\n\t<meta property=\"og:image:type\" content=\"image\/jpeg\" \/>\n<meta name=\"author\" content=\"Calmo Agency\" \/>\n<meta name=\"twitter:card\" content=\"summary_large_image\" \/>\n<meta name=\"twitter:label1\" content=\"Written by\" \/>\n\t<meta name=\"twitter:data1\" content=\"Calmo Agency\" \/>\n\t<meta name=\"twitter:label2\" content=\"Est. reading time\" \/>\n\t<meta name=\"twitter:data2\" content=\"2 minutes\" \/>\n<script type=\"application\/ld+json\" class=\"yoast-schema-graph\">{\"@context\":\"https:\\\/\\\/schema.org\",\"@graph\":[{\"@type\":\"Article\",\"@id\":\"http:\\\/\\\/actec-ong.org\\\/es\\\/terremoto-en-haiti-el-padre-percy-entre-la-noche-bajo-las-estrellas-y-el-dia-entre-los-escombros\\\/#article\",\"isPartOf\":{\"@id\":\"http:\\\/\\\/actec-ong.org\\\/es\\\/terremoto-en-haiti-el-padre-percy-entre-la-noche-bajo-las-estrellas-y-el-dia-entre-los-escombros\\\/\"},\"author\":{\"name\":\"Calmo Agency\",\"@id\":\"http:\\\/\\\/actec-ong.org\\\/es\\\/#\\\/schema\\\/person\\\/558afe95811e7a284d6e551c6e303709\"},\"headline\":\"Terremoto en Hait\u00ed &#8211; El padre Percy, entre la noche bajo las estrellas y el d\u00eda entre los escombros\",\"datePublished\":\"2021-09-13T14:04:43+00:00\",\"dateModified\":\"2021-09-14T07:43:57+00:00\",\"mainEntityOfPage\":{\"@id\":\"http:\\\/\\\/actec-ong.org\\\/es\\\/terremoto-en-haiti-el-padre-percy-entre-la-noche-bajo-las-estrellas-y-el-dia-entre-los-escombros\\\/\"},\"wordCount\":709,\"image\":{\"@id\":\"http:\\\/\\\/actec-ong.org\\\/es\\\/terremoto-en-haiti-el-padre-percy-entre-la-noche-bajo-las-estrellas-y-el-dia-entre-los-escombros\\\/#primaryimage\"},\"thumbnailUrl\":\"http:\\\/\\\/actec-ong.org\\\/wp-content\\\/uploads\\\/2021\\\/09\\\/actec-news-seisme-haiti-pere-percy.jpg\",\"articleSection\":[\"ACTEC\"],\"inLanguage\":\"es-ES\"},{\"@type\":\"WebPage\",\"@id\":\"http:\\\/\\\/actec-ong.org\\\/es\\\/terremoto-en-haiti-el-padre-percy-entre-la-noche-bajo-las-estrellas-y-el-dia-entre-los-escombros\\\/\",\"url\":\"http:\\\/\\\/actec-ong.org\\\/es\\\/terremoto-en-haiti-el-padre-percy-entre-la-noche-bajo-las-estrellas-y-el-dia-entre-los-escombros\\\/\",\"name\":\"Terremoto en Hait\u00ed - El padre Percy, entre la noche bajo las estrellas y el d\u00eda entre los escombros - ACTEC\",\"isPartOf\":{\"@id\":\"http:\\\/\\\/actec-ong.org\\\/es\\\/#website\"},\"primaryImageOfPage\":{\"@id\":\"http:\\\/\\\/actec-ong.org\\\/es\\\/terremoto-en-haiti-el-padre-percy-entre-la-noche-bajo-las-estrellas-y-el-dia-entre-los-escombros\\\/#primaryimage\"},\"image\":{\"@id\":\"http:\\\/\\\/actec-ong.org\\\/es\\\/terremoto-en-haiti-el-padre-percy-entre-la-noche-bajo-las-estrellas-y-el-dia-entre-los-escombros\\\/#primaryimage\"},\"thumbnailUrl\":\"http:\\\/\\\/actec-ong.org\\\/wp-content\\\/uploads\\\/2021\\\/09\\\/actec-news-seisme-haiti-pere-percy.jpg\",\"datePublished\":\"2021-09-13T14:04:43+00:00\",\"dateModified\":\"2021-09-14T07:43:57+00:00\",\"author\":{\"@id\":\"http:\\\/\\\/actec-ong.org\\\/es\\\/#\\\/schema\\\/person\\\/558afe95811e7a284d6e551c6e303709\"},\"breadcrumb\":{\"@id\":\"http:\\\/\\\/actec-ong.org\\\/es\\\/terremoto-en-haiti-el-padre-percy-entre-la-noche-bajo-las-estrellas-y-el-dia-entre-los-escombros\\\/#breadcrumb\"},\"inLanguage\":\"es-ES\",\"potentialAction\":[{\"@type\":\"ReadAction\",\"target\":[\"http:\\\/\\\/actec-ong.org\\\/es\\\/terremoto-en-haiti-el-padre-percy-entre-la-noche-bajo-las-estrellas-y-el-dia-entre-los-escombros\\\/\"]}]},{\"@type\":\"ImageObject\",\"inLanguage\":\"es-ES\",\"@id\":\"http:\\\/\\\/actec-ong.org\\\/es\\\/terremoto-en-haiti-el-padre-percy-entre-la-noche-bajo-las-estrellas-y-el-dia-entre-los-escombros\\\/#primaryimage\",\"url\":\"http:\\\/\\\/actec-ong.org\\\/wp-content\\\/uploads\\\/2021\\\/09\\\/actec-news-seisme-haiti-pere-percy.jpg\",\"contentUrl\":\"http:\\\/\\\/actec-ong.org\\\/wp-content\\\/uploads\\\/2021\\\/09\\\/actec-news-seisme-haiti-pere-percy.jpg\",\"width\":1440,\"height\":886,\"caption\":\"S\u00e9isme en Ha\u00efti. P\u00e9re\"},{\"@type\":\"BreadcrumbList\",\"@id\":\"http:\\\/\\\/actec-ong.org\\\/es\\\/terremoto-en-haiti-el-padre-percy-entre-la-noche-bajo-las-estrellas-y-el-dia-entre-los-escombros\\\/#breadcrumb\",\"itemListElement\":[{\"@type\":\"ListItem\",\"position\":1,\"name\":\"Home\",\"item\":\"http:\\\/\\\/actec-ong.org\\\/es\\\/\"},{\"@type\":\"ListItem\",\"position\":2,\"name\":\"Terremoto en Hait\u00ed &#8211; El padre Percy, entre la noche bajo las estrellas y el d\u00eda entre los escombros\"}]},{\"@type\":\"WebSite\",\"@id\":\"http:\\\/\\\/actec-ong.org\\\/es\\\/#website\",\"url\":\"http:\\\/\\\/actec-ong.org\\\/es\\\/\",\"name\":\"ACTEC\",\"description\":\"Un m\u00e9tier pour tous\",\"potentialAction\":[{\"@type\":\"SearchAction\",\"target\":{\"@type\":\"EntryPoint\",\"urlTemplate\":\"http:\\\/\\\/actec-ong.org\\\/es\\\/?s={search_term_string}\"},\"query-input\":{\"@type\":\"PropertyValueSpecification\",\"valueRequired\":true,\"valueName\":\"search_term_string\"}}],\"inLanguage\":\"es-ES\"},{\"@type\":\"Person\",\"@id\":\"http:\\\/\\\/actec-ong.org\\\/es\\\/#\\\/schema\\\/person\\\/558afe95811e7a284d6e551c6e303709\",\"name\":\"Calmo Agency\",\"image\":{\"@type\":\"ImageObject\",\"inLanguage\":\"es-ES\",\"@id\":\"https:\\\/\\\/secure.gravatar.com\\\/avatar\\\/64373769b4f5f863fa6c58046649b6a7dc25d69de1f7d1500b782658cb81aeaa?s=96&d=mm&r=g\",\"url\":\"https:\\\/\\\/secure.gravatar.com\\\/avatar\\\/64373769b4f5f863fa6c58046649b6a7dc25d69de1f7d1500b782658cb81aeaa?s=96&d=mm&r=g\",\"contentUrl\":\"https:\\\/\\\/secure.gravatar.com\\\/avatar\\\/64373769b4f5f863fa6c58046649b6a7dc25d69de1f7d1500b782658cb81aeaa?s=96&d=mm&r=g\",\"caption\":\"Calmo Agency\"},\"url\":\"http:\\\/\\\/actec-ong.org\\\/es\\\/author\\\/actec-calmo\\\/\"}]}<\/script>\n<!-- \/ Yoast SEO plugin. -->","yoast_head_json":{"title":"Terremoto en Hait\u00ed - El padre Percy, entre la noche bajo las estrellas y el d\u00eda entre los escombros - ACTEC","robots":{"index":"index","follow":"follow","max-snippet":"max-snippet:-1","max-image-preview":"max-image-preview:large","max-video-preview":"max-video-preview:-1"},"canonical":"http:\/\/actec-ong.org\/es\/terremoto-en-haiti-el-padre-percy-entre-la-noche-bajo-las-estrellas-y-el-dia-entre-los-escombros\/","og_locale":"es_ES","og_type":"article","og_title":"Terremoto en Hait\u00ed - El padre Percy, entre la noche bajo las estrellas y el d\u00eda entre los escombros - ACTEC","og_description":"[vc_row type=&#8221;vc_default&#8221;][vc_column offset=&#8221;vc_col-lg-offset-1 vc_col-lg-10 vc_col-md-offset-1 vc_col-md-10&#8243;][vc_column_text css=&#8221;.vc_custom_1631605130415{padding-bottom: 25px !important;}&#8221; el_class=&#8221;news-excerpt&#8221;]Han pasado cuatro semanas desde el terremoto que sacudi\u00f3 y despu\u00e9s paraliz\u00f3 el sur del pa\u00eds. La fecha del 14 de agosto de 2021 se suma a las de anteriores cat\u00e1strofes naturales que han asolado Hait\u00ed. De una magnitud a\u00fan mayor que el terremoto de 2010,&hellip;","og_url":"http:\/\/actec-ong.org\/es\/terremoto-en-haiti-el-padre-percy-entre-la-noche-bajo-las-estrellas-y-el-dia-entre-los-escombros\/","og_site_name":"ACTEC","article_published_time":"2021-09-13T14:04:43+00:00","article_modified_time":"2021-09-14T07:43:57+00:00","og_image":[{"width":1440,"height":886,"url":"http:\/\/actec-ong.org\/wp-content\/uploads\/2021\/09\/actec-news-seisme-haiti-pere-percy.jpg","type":"image\/jpeg"}],"author":"Calmo Agency","twitter_card":"summary_large_image","twitter_misc":{"Written by":"Calmo Agency","Est. reading time":"2 minutes"},"schema":{"@context":"https:\/\/schema.org","@graph":[{"@type":"Article","@id":"http:\/\/actec-ong.org\/es\/terremoto-en-haiti-el-padre-percy-entre-la-noche-bajo-las-estrellas-y-el-dia-entre-los-escombros\/#article","isPartOf":{"@id":"http:\/\/actec-ong.org\/es\/terremoto-en-haiti-el-padre-percy-entre-la-noche-bajo-las-estrellas-y-el-dia-entre-los-escombros\/"},"author":{"name":"Calmo Agency","@id":"http:\/\/actec-ong.org\/es\/#\/schema\/person\/558afe95811e7a284d6e551c6e303709"},"headline":"Terremoto en Hait\u00ed &#8211; El padre Percy, entre la noche bajo las estrellas y el d\u00eda entre los escombros","datePublished":"2021-09-13T14:04:43+00:00","dateModified":"2021-09-14T07:43:57+00:00","mainEntityOfPage":{"@id":"http:\/\/actec-ong.org\/es\/terremoto-en-haiti-el-padre-percy-entre-la-noche-bajo-las-estrellas-y-el-dia-entre-los-escombros\/"},"wordCount":709,"image":{"@id":"http:\/\/actec-ong.org\/es\/terremoto-en-haiti-el-padre-percy-entre-la-noche-bajo-las-estrellas-y-el-dia-entre-los-escombros\/#primaryimage"},"thumbnailUrl":"http:\/\/actec-ong.org\/wp-content\/uploads\/2021\/09\/actec-news-seisme-haiti-pere-percy.jpg","articleSection":["ACTEC"],"inLanguage":"es-ES"},{"@type":"WebPage","@id":"http:\/\/actec-ong.org\/es\/terremoto-en-haiti-el-padre-percy-entre-la-noche-bajo-las-estrellas-y-el-dia-entre-los-escombros\/","url":"http:\/\/actec-ong.org\/es\/terremoto-en-haiti-el-padre-percy-entre-la-noche-bajo-las-estrellas-y-el-dia-entre-los-escombros\/","name":"Terremoto en Hait\u00ed - El padre Percy, entre la noche bajo las estrellas y el d\u00eda entre los escombros - ACTEC","isPartOf":{"@id":"http:\/\/actec-ong.org\/es\/#website"},"primaryImageOfPage":{"@id":"http:\/\/actec-ong.org\/es\/terremoto-en-haiti-el-padre-percy-entre-la-noche-bajo-las-estrellas-y-el-dia-entre-los-escombros\/#primaryimage"},"image":{"@id":"http:\/\/actec-ong.org\/es\/terremoto-en-haiti-el-padre-percy-entre-la-noche-bajo-las-estrellas-y-el-dia-entre-los-escombros\/#primaryimage"},"thumbnailUrl":"http:\/\/actec-ong.org\/wp-content\/uploads\/2021\/09\/actec-news-seisme-haiti-pere-percy.jpg","datePublished":"2021-09-13T14:04:43+00:00","dateModified":"2021-09-14T07:43:57+00:00","author":{"@id":"http:\/\/actec-ong.org\/es\/#\/schema\/person\/558afe95811e7a284d6e551c6e303709"},"breadcrumb":{"@id":"http:\/\/actec-ong.org\/es\/terremoto-en-haiti-el-padre-percy-entre-la-noche-bajo-las-estrellas-y-el-dia-entre-los-escombros\/#breadcrumb"},"inLanguage":"es-ES","potentialAction":[{"@type":"ReadAction","target":["http:\/\/actec-ong.org\/es\/terremoto-en-haiti-el-padre-percy-entre-la-noche-bajo-las-estrellas-y-el-dia-entre-los-escombros\/"]}]},{"@type":"ImageObject","inLanguage":"es-ES","@id":"http:\/\/actec-ong.org\/es\/terremoto-en-haiti-el-padre-percy-entre-la-noche-bajo-las-estrellas-y-el-dia-entre-los-escombros\/#primaryimage","url":"http:\/\/actec-ong.org\/wp-content\/uploads\/2021\/09\/actec-news-seisme-haiti-pere-percy.jpg","contentUrl":"http:\/\/actec-ong.org\/wp-content\/uploads\/2021\/09\/actec-news-seisme-haiti-pere-percy.jpg","width":1440,"height":886,"caption":"S\u00e9isme en Ha\u00efti. P\u00e9re"},{"@type":"BreadcrumbList","@id":"http:\/\/actec-ong.org\/es\/terremoto-en-haiti-el-padre-percy-entre-la-noche-bajo-las-estrellas-y-el-dia-entre-los-escombros\/#breadcrumb","itemListElement":[{"@type":"ListItem","position":1,"name":"Home","item":"http:\/\/actec-ong.org\/es\/"},{"@type":"ListItem","position":2,"name":"Terremoto en Hait\u00ed &#8211; El padre Percy, entre la noche bajo las estrellas y el d\u00eda entre los escombros"}]},{"@type":"WebSite","@id":"http:\/\/actec-ong.org\/es\/#website","url":"http:\/\/actec-ong.org\/es\/","name":"ACTEC","description":"Un m\u00e9tier pour tous","potentialAction":[{"@type":"SearchAction","target":{"@type":"EntryPoint","urlTemplate":"http:\/\/actec-ong.org\/es\/?s={search_term_string}"},"query-input":{"@type":"PropertyValueSpecification","valueRequired":true,"valueName":"search_term_string"}}],"inLanguage":"es-ES"},{"@type":"Person","@id":"http:\/\/actec-ong.org\/es\/#\/schema\/person\/558afe95811e7a284d6e551c6e303709","name":"Calmo Agency","image":{"@type":"ImageObject","inLanguage":"es-ES","@id":"https:\/\/secure.gravatar.com\/avatar\/64373769b4f5f863fa6c58046649b6a7dc25d69de1f7d1500b782658cb81aeaa?s=96&d=mm&r=g","url":"https:\/\/secure.gravatar.com\/avatar\/64373769b4f5f863fa6c58046649b6a7dc25d69de1f7d1500b782658cb81aeaa?s=96&d=mm&r=g","contentUrl":"https:\/\/secure.gravatar.com\/avatar\/64373769b4f5f863fa6c58046649b6a7dc25d69de1f7d1500b782658cb81aeaa?s=96&d=mm&r=g","caption":"Calmo Agency"},"url":"http:\/\/actec-ong.org\/es\/author\/actec-calmo\/"}]}},"_links":{"self":[{"href":"http:\/\/actec-ong.org\/es\/wp-json\/wp\/v2\/posts\/63884","targetHints":{"allow":["GET"]}}],"collection":[{"href":"http:\/\/actec-ong.org\/es\/wp-json\/wp\/v2\/posts"}],"about":[{"href":"http:\/\/actec-ong.org\/es\/wp-json\/wp\/v2\/types\/post"}],"author":[{"embeddable":true,"href":"http:\/\/actec-ong.org\/es\/wp-json\/wp\/v2\/users\/7"}],"replies":[{"embeddable":true,"href":"http:\/\/actec-ong.org\/es\/wp-json\/wp\/v2\/comments?post=63884"}],"version-history":[{"count":3,"href":"http:\/\/actec-ong.org\/es\/wp-json\/wp\/v2\/posts\/63884\/revisions"}],"predecessor-version":[{"id":63887,"href":"http:\/\/actec-ong.org\/es\/wp-json\/wp\/v2\/posts\/63884\/revisions\/63887"}],"wp:featuredmedia":[{"embeddable":true,"href":"http:\/\/actec-ong.org\/es\/wp-json\/wp\/v2\/media\/63874"}],"wp:attachment":[{"href":"http:\/\/actec-ong.org\/es\/wp-json\/wp\/v2\/media?parent=63884"}],"wp:term":[{"taxonomy":"category","embeddable":true,"href":"http:\/\/actec-ong.org\/es\/wp-json\/wp\/v2\/categories?post=63884"},{"taxonomy":"post_tag","embeddable":true,"href":"http:\/\/actec-ong.org\/es\/wp-json\/wp\/v2\/tags?post=63884"}],"curies":[{"name":"wp","href":"https:\/\/api.w.org\/{rel}","templated":true}]}}